{"id":828,"date":"2022-05-06T10:28:35","date_gmt":"2022-05-06T08:28:35","guid":{"rendered":"https:\/\/segelfliegen-hersbruck.de\/?p=828"},"modified":"2022-05-08T10:29:11","modified_gmt":"2022-05-08T08:29:11","slug":"kleines-wetterfenster-fuer-aufholjagd-genutzt","status":"publish","type":"post","link":"https:\/\/segelfliegen-hersbruck.de\/?p=828","title":{"rendered":"Kleines Wetterfenster f\u00fcr Aufholjagd genutzt"},"content":{"rendered":"<p>Auch das vergangene Wochenendwetter sorgte bei den Hersbrucker Segelfliegern nicht gerade f\u00fcr Hochstimmung. Ein sogenanntes H\u00f6hentief lieferte eine labile und feuchte Luftmasse. Das m\u00f6gen Luftsportler gar nicht.<\/p>\n<p><a href=\"https:\/\/segelfliegen-hersbruck.de\/wp-content\/uploads\/2022\/05\/IMG_1764-1-scaled.jpg\"><img loading=\"lazy\" decoding=\"async\" class=\"alignnone wp-image-827 size-full\" src=\"https:\/\/segelfliegen-hersbruck.de\/wp-content\/uploads\/2022\/05\/IMG_1764-1-scaled.jpg\" alt=\"\" width=\"2560\" height=\"1076\" srcset=\"https:\/\/segelfliegen-hersbruck.de\/wp-content\/uploads\/2022\/05\/IMG_1764-1-scaled.jpg 2560w, https:\/\/segelfliegen-hersbruck.de\/wp-content\/uploads\/2022\/05\/IMG_1764-1-300x126.jpg 300w, https:\/\/segelfliegen-hersbruck.de\/wp-content\/uploads\/2022\/05\/IMG_1764-1-1024x430.jpg 1024w, https:\/\/segelfliegen-hersbruck.de\/wp-content\/uploads\/2022\/05\/IMG_1764-1-768x323.jpg 768w, https:\/\/segelfliegen-hersbruck.de\/wp-content\/uploads\/2022\/05\/IMG_1764-1-1536x645.jpg 1536w, https:\/\/segelfliegen-hersbruck.de\/wp-content\/uploads\/2022\/05\/IMG_1764-1-2048x861.jpg 2048w\" sizes=\"auto, (max-width: 2560px) 100vw, 2560px\" \/><\/a><\/p>\n<p><em>Schwierige Verh\u00e4ltnisse: Auf der Startbahn des Segelfluggel\u00e4ndes Hersbruck erschwerten Wasserpf\u00fctzen den Start von Nico Ziegler und Amir Treschau. Foto: Henry Putzer<\/em><\/p>\n<p>Hinzu kamen die durch die vielen Niederschl\u00e4ge unter der Woche \u00e4u\u00dferst problematischen Bodenverh\u00e4ltnisse. Der Start der Segelflugzeuge war nur unter gr\u00f6\u00dften Schwierigkeiten m\u00f6glich. Allerdings musste man schon am Wochenende zuvor eine Nullrunde hinnehmen. So war klar, dass man in dieser Runde anzugreifen hatte. Am besten gelang das am Samstag Gunther M\u00fcnzenberg, der ein kleines Wetterfenster \u00fcber der Oberpfalz und Unterfranken f\u00fcr einen Liga-Flug nutzen konnte. Dabei erreichte er immerhin ein 2,5h-Mittel von 83 km\/h. Mit von der Partie waren noch Amir Treschau, Sebastian Billert und Nico Ziegler, der leider nach kurzem Flug in Amberg au\u00dfenlanden musste. Ergebniskosmetik erfolgte dann bei ebenfalls m\u00e4\u00dfigen Wetterbedingungen am Sonntag. Stefan Lutz legte noch einen weiteren guten Flug dazu. Im Ergebnis bedeutete das den 9. Rundenplatz. Es hat sich mal wieder gezeigt, dass in der Segelflug-Bundesliga auch bei weniger gutem Wetter geflogen werden muss, um sich in der oberen Tabellenh\u00e4lfte halten zu k\u00f6nnen. Der Einsatz hat sich jedenfalls gelohnt. Die Luftsportgemeinschaft schiebt sich nach der dritten Runde auf den 8. Tabellenplatz der zweiten Liga vor.<\/p>\n","protected":false},"excerpt":{"rendered":"<p>Auch das vergangene Wochenendwetter sorgte bei den Hersbrucker Segelfliegern nicht gerade f\u00fcr Hochstimmung. Ein sogenanntes H\u00f6hentief lieferte eine labile und feuchte Luftmasse. Das m\u00f6gen Luftsportler gar nicht. Schwierige Verh\u00e4ltnisse: Auf der Startbahn des Segelfluggel\u00e4ndes Hersbruck erschwerten Wasserpf\u00fctzen den Start von<\/p>\n","protected":false},"author":1,"featured_media":826,"comment_status":"closed","ping_status":"open","sticky":false,"template":"","format":"standard","meta":{"footnotes":""},"categories":[4],"tags":[],"class_list":["post-828","post","type-post","status-publish","format-standard","has-post-thumbnail","hentry","category-news"],"_links":{"self":[{"href":"https:\/\/segelfliegen-hersbruck.de\/index.php?rest_route=\/wp\/v2\/posts\/828","targetHints":{"allow":["GET"]}}],"collection":[{"href":"https:\/\/segelfliegen-hersbruck.de\/index.php?rest_route=\/wp\/v2\/posts"}],"about":[{"href":"https:\/\/segelfliegen-hersbruck.de\/index.php?rest_route=\/wp\/v2\/types\/post"}],"author":[{"embeddable":true,"href":"https:\/\/segelfliegen-hersbruck.de\/index.php?rest_route=\/wp\/v2\/users\/1"}],"replies":[{"embeddable":true,"href":"https:\/\/segelfliegen-hersbruck.de\/index.php?rest_route=%2Fwp%2Fv2%2Fcomments&post=828"}],"version-history":[{"count":2,"href":"https:\/\/segelfliegen-hersbruck.de\/index.php?rest_route=\/wp\/v2\/posts\/828\/revisions"}],"predecessor-version":[{"id":830,"href":"https:\/\/segelfliegen-hersbruck.de\/index.php?rest_route=\/wp\/v2\/posts\/828\/revisions\/830"}],"wp:featuredmedia":[{"embeddable":true,"href":"https:\/\/segelfliegen-hersbruck.de\/index.php?rest_route=\/wp\/v2\/media\/826"}],"wp:attachment":[{"href":"https:\/\/segelfliegen-hersbruck.de\/index.php?rest_route=%2Fwp%2Fv2%2Fmedia&parent=828"}],"wp:term":[{"taxonomy":"category","embeddable":true,"href":"https:\/\/segelfliegen-hersbruck.de\/index.php?rest_route=%2Fwp%2Fv2%2Fcategories&post=828"},{"taxonomy":"post_tag","embeddable":true,"href":"https:\/\/segelfliegen-hersbruck.de\/index.php?rest_route=%2Fwp%2Fv2%2Ftags&post=828"}],"curies":[{"name":"wp","href":"https:\/\/api.w.org\/{rel}","templated":true}]}}