{"id":279,"date":"2018-10-10T20:33:20","date_gmt":"2018-10-10T18:33:20","guid":{"rendered":"http:\/\/segelfliegen-hersbruck.de\/?p=279"},"modified":"2018-10-21T20:37:37","modified_gmt":"2018-10-21T18:37:37","slug":"aus-den-anden-ueber-die-hersbrucker-alb","status":"publish","type":"post","link":"https:\/\/segelfliegen-hersbruck.de\/?p=279","title":{"rendered":"Aus den Anden \u00fcber die Hersbrucker Alb"},"content":{"rendered":"<p><figure id=\"attachment_280\" aria-describedby=\"caption-attachment-280\" style=\"width: 750px\" class=\"wp-caption alignnone\"><a href=\"https:\/\/segelfliegen-hersbruck.de\/wp-content\/uploads\/2018\/10\/DSC_7353-2b.jpg\"><img loading=\"lazy\" decoding=\"async\" src=\"https:\/\/segelfliegen-hersbruck.de\/wp-content\/uploads\/2018\/10\/DSC_7353-2b-1024x508.jpg\" alt=\"\" width=\"750\" height=\"372\" class=\"size-large wp-image-280\" srcset=\"https:\/\/segelfliegen-hersbruck.de\/wp-content\/uploads\/2018\/10\/DSC_7353-2b-1024x508.jpg 1024w, https:\/\/segelfliegen-hersbruck.de\/wp-content\/uploads\/2018\/10\/DSC_7353-2b-300x149.jpg 300w, https:\/\/segelfliegen-hersbruck.de\/wp-content\/uploads\/2018\/10\/DSC_7353-2b-768x381.jpg 768w\" sizes=\"auto, (max-width: 750px) 100vw, 750px\" \/><\/a><figcaption id=\"caption-attachment-280\" class=\"wp-caption-text\">Voll gespannter Vorfreude \u2013 die sieben Sch\u00fcler aus Ecuador mit ihren Hersbrucker Gastgebern.<\/figcaption><\/figure><br \/>\nF\u00fcr Juan Jos\u00e9, Yeshua Ignacio und ihre weiteren Klassenkameraden war es ein H\u00f6hepunkt im wahrsten Sinne des Wortes. Im Rahmen eines Sch\u00fcleraustausches zwischen dem Colegio Alem\u00e1n Stiehle, einer deutschen Schule in Cuenca (Ecuador), und dem Paul-Pfinzing-Gymnasium Hersbruck erlebten die 15j\u00e4hrigen Jugendlichen einen Tag auf dem Segelfluggel\u00e4nde Hersbruck. Selbstverst\u00e4ndlich ging es f\u00fcr die lateinamerikanischen Sch\u00fcler dabei auch in die Luft. Die Hersbrucker Alb kann man zwar nur schwer mit den Anden vergleichen, dennoch zauberten die jungen Pilotinnen und Piloten der Hersbrucker Segelflieger, die teilweise selbst am PPG zur Schule gehen, strahlende Begeisterung in die Gesichter der G\u00e4ste. Die sieben Austauschsch\u00fcler leben f\u00fcr zwei Monate bei ihren Gastfamilien und besuchen dabei auch den Unterricht am Hersbrucker Gymnasium. In ihrer Schule in Cuenca sind die Auslandsaufenthalte Teil des Ausbildungskonzeptes. Dazu gibt es neben dem PPG in Hersbruck eine ganze Reihe Partnerschulen in Deutschland. N\u00e4chstes Jahr starten die hiesigen Sch\u00fcler zum Gegenbesuch in Ecuador.<\/p>\n<figure id=\"attachment_283\" aria-describedby=\"caption-attachment-283\" style=\"width: 750px\" class=\"wp-caption alignnone\"><a href=\"https:\/\/segelfliegen-hersbruck.de\/wp-content\/uploads\/2018\/10\/DSC_7357-2b.jpg\"><img loading=\"lazy\" decoding=\"async\" src=\"https:\/\/segelfliegen-hersbruck.de\/wp-content\/uploads\/2018\/10\/DSC_7357-2b-1024x617.jpg\" alt=\"\" width=\"750\" height=\"452\" class=\"size-large wp-image-283\" srcset=\"https:\/\/segelfliegen-hersbruck.de\/wp-content\/uploads\/2018\/10\/DSC_7357-2b-1024x617.jpg 1024w, https:\/\/segelfliegen-hersbruck.de\/wp-content\/uploads\/2018\/10\/DSC_7357-2b-300x181.jpg 300w, https:\/\/segelfliegen-hersbruck.de\/wp-content\/uploads\/2018\/10\/DSC_7357-2b-768x463.jpg 768w\" sizes=\"auto, (max-width: 750px) 100vw, 750px\" \/><\/a><figcaption id=\"caption-attachment-283\" class=\"wp-caption-text\">Fluglehrer Wolfgang Brandtner gibt letzte Informationen, bevor es f\u00fcr Juan mit Pilot David steil nach oben geht.<\/figcaption><\/figure>\n","protected":false},"excerpt":{"rendered":"<p>F\u00fcr Juan Jos\u00e9, Yeshua Ignacio und ihre weiteren Klassenkameraden war es ein H\u00f6hepunkt im wahrsten Sinne des Wortes. Im Rahmen eines Sch\u00fcleraustausches zwischen dem Colegio Alem\u00e1n Stiehle, einer deutschen Schule in Cuenca (Ecuador), und dem Paul-Pfinzing-Gymnasium Hersbruck erlebten die 15j\u00e4hrigen<\/p>\n","protected":false},"author":1,"featured_media":282,"comment_status":"closed","ping_status":"open","sticky":false,"template":"","format":"standard","meta":{"footnotes":""},"categories":[4],"tags":[],"class_list":["post-279","post","type-post","status-publish","format-standard","has-post-thumbnail","hentry","category-news"],"_links":{"self":[{"href":"https:\/\/segelfliegen-hersbruck.de\/index.php?rest_route=\/wp\/v2\/posts\/279","targetHints":{"allow":["GET"]}}],"collection":[{"href":"https:\/\/segelfliegen-hersbruck.de\/index.php?rest_route=\/wp\/v2\/posts"}],"about":[{"href":"https:\/\/segelfliegen-hersbruck.de\/index.php?rest_route=\/wp\/v2\/types\/post"}],"author":[{"embeddable":true,"href":"https:\/\/segelfliegen-hersbruck.de\/index.php?rest_route=\/wp\/v2\/users\/1"}],"replies":[{"embeddable":true,"href":"https:\/\/segelfliegen-hersbruck.de\/index.php?rest_route=%2Fwp%2Fv2%2Fcomments&post=279"}],"version-history":[{"count":5,"href":"https:\/\/segelfliegen-hersbruck.de\/index.php?rest_route=\/wp\/v2\/posts\/279\/revisions"}],"predecessor-version":[{"id":287,"href":"https:\/\/segelfliegen-hersbruck.de\/index.php?rest_route=\/wp\/v2\/posts\/279\/revisions\/287"}],"wp:featuredmedia":[{"embeddable":true,"href":"https:\/\/segelfliegen-hersbruck.de\/index.php?rest_route=\/wp\/v2\/media\/282"}],"wp:attachment":[{"href":"https:\/\/segelfliegen-hersbruck.de\/index.php?rest_route=%2Fwp%2Fv2%2Fmedia&parent=279"}],"wp:term":[{"taxonomy":"category","embeddable":true,"href":"https:\/\/segelfliegen-hersbruck.de\/index.php?rest_route=%2Fwp%2Fv2%2Fcategories&post=279"},{"taxonomy":"post_tag","embeddable":true,"href":"https:\/\/segelfliegen-hersbruck.de\/index.php?rest_route=%2Fwp%2Fv2%2Ftags&post=279"}],"curies":[{"name":"wp","href":"https:\/\/api.w.org\/{rel}","templated":true}]}}