{"id":259,"date":"2018-09-10T23:17:36","date_gmt":"2018-09-10T21:17:36","guid":{"rendered":"http:\/\/segelfliegen-hersbruck.de\/?p=259"},"modified":"2018-09-11T20:37:14","modified_gmt":"2018-09-11T18:37:14","slug":"das-erste-mal-alleine","status":"publish","type":"post","link":"https:\/\/segelfliegen-hersbruck.de\/?p=259","title":{"rendered":"Das erste Mal alleine&#8230;"},"content":{"rendered":"<p><a href=\"https:\/\/segelfliegen-hersbruck.de\/wp-content\/uploads\/2018\/09\/Lena-1.jpg\"><img loading=\"lazy\" decoding=\"async\" src=\"https:\/\/segelfliegen-hersbruck.de\/wp-content\/uploads\/2018\/09\/Lena-1-300x169.jpg\" alt=\"\" width=\"300\" height=\"169\" class=\"alignnone size-medium wp-image-260\" srcset=\"https:\/\/segelfliegen-hersbruck.de\/wp-content\/uploads\/2018\/09\/Lena-1-300x169.jpg 300w, https:\/\/segelfliegen-hersbruck.de\/wp-content\/uploads\/2018\/09\/Lena-1-768x433.jpg 768w, https:\/\/segelfliegen-hersbruck.de\/wp-content\/uploads\/2018\/09\/Lena-1-1024x577.jpg 1024w, https:\/\/segelfliegen-hersbruck.de\/wp-content\/uploads\/2018\/09\/Lena-1.jpg 1200w\" sizes=\"auto, (max-width: 300px) 100vw, 300px\" \/><\/a><br \/>\nUnd wieder hat eine junge Flugsch\u00fclerin aus der Hersbrucker Jugendtruppe den ersten gro\u00dfen Meilenstein auf dem Weg zur Segelflugsportlerin erreicht: Die 17-j\u00e4hrige Lena Lampe erledigte ihren ersten Alleinflug und die sog. A-Pr\u00fcfung mit drei perfekten Fl\u00fcgen in den sp\u00e4tsommerlichen Sonnenuntergang.<br \/>\nVorausgegangen war ein letzter &#8222;Stresstest&#8220; durch die Fluglehrer um ganz sicher zu gehen, dass Lena f\u00fcr alle Eventualit\u00e4ten vorbereitet ist. Z.B musste sie noch einmal eine unangek\u00fcndigte Seilriss\u00fcbung sicher meistern.<br \/>\n<figure id=\"attachment_265\" aria-describedby=\"caption-attachment-265\" style=\"width: 300px\" class=\"wp-caption alignnone\"><a href=\"https:\/\/segelfliegen-hersbruck.de\/wp-content\/uploads\/2018\/09\/Lena-2.jpg\"><img loading=\"lazy\" decoding=\"async\" src=\"https:\/\/segelfliegen-hersbruck.de\/wp-content\/uploads\/2018\/09\/Lena-2-300x171.jpg\" alt=\"\" width=\"300\" height=\"171\" class=\"size-medium wp-image-265\" srcset=\"https:\/\/segelfliegen-hersbruck.de\/wp-content\/uploads\/2018\/09\/Lena-2-300x171.jpg 300w, https:\/\/segelfliegen-hersbruck.de\/wp-content\/uploads\/2018\/09\/Lena-2-768x436.jpg 768w, https:\/\/segelfliegen-hersbruck.de\/wp-content\/uploads\/2018\/09\/Lena-2-1024x582.jpg 1024w, https:\/\/segelfliegen-hersbruck.de\/wp-content\/uploads\/2018\/09\/Lena-2.jpg 1200w\" sizes=\"auto, (max-width: 300px) 100vw, 300px\" \/><\/a><figcaption id=\"caption-attachment-265\" class=\"wp-caption-text\">Lena mit ihren Fluglehrern J\u00fcrgen Wilken, Wolfgang Brandtner und Stefan Harries (v.l.)<\/figcaption><\/figure><\/p>\n<p>Nach der bestandenen A-Pr\u00fcfung stand dann noch die &#8222;offizielle&#8220; Aufnahme in den Kreis der Pilotinnen und Piloten an. Traditionsgem\u00e4\u00df wurde ihr dabei ein Brennnesselstrau\u00df \u00fcberreicht und ein Klaps auf das Hinterteil durch alle Anwesenden Fliegerfreunde verpasst. Dieser etwas seltsame Brauch ist leicht zu erkl\u00e4ren: Die Brennnesseln und der Schlag sollen das n\u00f6tige Feingef\u00fchl f\u00fcr den Steuerkn\u00fcppel und den Auftrieb trainieren. F\u00fcr Lena hat sich an diesem Abend jedenfalls ein gro\u00dfer Traum erf\u00fcllt.<\/p>\n<p><a href=\"https:\/\/segelfliegen-hersbruck.de\/wp-content\/uploads\/2018\/09\/Lena-3.jpg\"><img loading=\"lazy\" decoding=\"async\" src=\"https:\/\/segelfliegen-hersbruck.de\/wp-content\/uploads\/2018\/09\/Lena-3-213x300.jpg\" alt=\"\" width=\"213\" height=\"300\" class=\"alignnone size-medium wp-image-267\" srcset=\"https:\/\/segelfliegen-hersbruck.de\/wp-content\/uploads\/2018\/09\/Lena-3-213x300.jpg 213w, https:\/\/segelfliegen-hersbruck.de\/wp-content\/uploads\/2018\/09\/Lena-3-768x1080.jpg 768w, https:\/\/segelfliegen-hersbruck.de\/wp-content\/uploads\/2018\/09\/Lena-3-728x1024.jpg 728w, https:\/\/segelfliegen-hersbruck.de\/wp-content\/uploads\/2018\/09\/Lena-3.jpg 800w\" sizes=\"auto, (max-width: 213px) 100vw, 213px\" \/><\/a><\/p>\n<p><a href=\"https:\/\/segelfliegen-hersbruck.de\/wp-content\/uploads\/2018\/09\/Lena-4.jpg\"><img loading=\"lazy\" decoding=\"async\" src=\"https:\/\/segelfliegen-hersbruck.de\/wp-content\/uploads\/2018\/09\/Lena-4-300x130.jpg\" alt=\"\" width=\"300\" height=\"130\" class=\"alignnone size-medium wp-image-268\" srcset=\"https:\/\/segelfliegen-hersbruck.de\/wp-content\/uploads\/2018\/09\/Lena-4-300x130.jpg 300w, https:\/\/segelfliegen-hersbruck.de\/wp-content\/uploads\/2018\/09\/Lena-4-768x332.jpg 768w, https:\/\/segelfliegen-hersbruck.de\/wp-content\/uploads\/2018\/09\/Lena-4-1024x442.jpg 1024w, https:\/\/segelfliegen-hersbruck.de\/wp-content\/uploads\/2018\/09\/Lena-4.jpg 1200w\" sizes=\"auto, (max-width: 300px) 100vw, 300px\" \/><\/a><\/p>\n","protected":false},"excerpt":{"rendered":"<p>Und wieder hat eine junge Flugsch\u00fclerin aus der Hersbrucker Jugendtruppe den ersten gro\u00dfen Meilenstein auf dem Weg zur Segelflugsportlerin erreicht: Die 17-j\u00e4hrige Lena Lampe erledigte ihren ersten Alleinflug und die sog. A-Pr\u00fcfung mit drei perfekten Fl\u00fcgen in den sp\u00e4tsommerlichen Sonnenuntergang.<\/p>\n","protected":false},"author":1,"featured_media":262,"comment_status":"closed","ping_status":"open","sticky":false,"template":"","format":"standard","meta":{"footnotes":""},"categories":[5,4],"tags":[],"class_list":["post-259","post","type-post","status-publish","format-standard","has-post-thumbnail","hentry","category-flugschule","category-news"],"_links":{"self":[{"href":"https:\/\/segelfliegen-hersbruck.de\/index.php?rest_route=\/wp\/v2\/posts\/259","targetHints":{"allow":["GET"]}}],"collection":[{"href":"https:\/\/segelfliegen-hersbruck.de\/index.php?rest_route=\/wp\/v2\/posts"}],"about":[{"href":"https:\/\/segelfliegen-hersbruck.de\/index.php?rest_route=\/wp\/v2\/types\/post"}],"author":[{"embeddable":true,"href":"https:\/\/segelfliegen-hersbruck.de\/index.php?rest_route=\/wp\/v2\/users\/1"}],"replies":[{"embeddable":true,"href":"https:\/\/segelfliegen-hersbruck.de\/index.php?rest_route=%2Fwp%2Fv2%2Fcomments&post=259"}],"version-history":[{"count":7,"href":"https:\/\/segelfliegen-hersbruck.de\/index.php?rest_route=\/wp\/v2\/posts\/259\/revisions"}],"predecessor-version":[{"id":271,"href":"https:\/\/segelfliegen-hersbruck.de\/index.php?rest_route=\/wp\/v2\/posts\/259\/revisions\/271"}],"wp:featuredmedia":[{"embeddable":true,"href":"https:\/\/segelfliegen-hersbruck.de\/index.php?rest_route=\/wp\/v2\/media\/262"}],"wp:attachment":[{"href":"https:\/\/segelfliegen-hersbruck.de\/index.php?rest_route=%2Fwp%2Fv2%2Fmedia&parent=259"}],"wp:term":[{"taxonomy":"category","embeddable":true,"href":"https:\/\/segelfliegen-hersbruck.de\/index.php?rest_route=%2Fwp%2Fv2%2Fcategories&post=259"},{"taxonomy":"post_tag","embeddable":true,"href":"https:\/\/segelfliegen-hersbruck.de\/index.php?rest_route=%2Fwp%2Fv2%2Ftags&post=259"}],"curies":[{"name":"wp","href":"https:\/\/api.w.org\/{rel}","templated":true}]}}